{"id":25141,"date":"2023-02-15T12:11:17","date_gmt":"2023-02-15T11:11:17","guid":{"rendered":"https:\/\/nipe.eeg.uminho.pt\/?p=25141"},"modified":"2023-06-28T12:15:03","modified_gmt":"2023-06-28T11:15:03","slug":"nipe-researchers-present-study-a-economia-verde-e-a-evolucao-do-mercado-de-trabalho-em-portugal-in-lisbon","status":"publish","type":"post","link":"https:\/\/nipe.eeg.uminho.pt\/en\/nipe-researchers-present-study-a-economia-verde-e-a-evolucao-do-mercado-de-trabalho-em-portugal-in-lisbon\/","title":{"rendered":"NIPE researchers present study &#8220;A economia verde e a evolu\u00e7\u00e3o do mercado de trabalho em Portugal&#8221;, in Lisbon"},"content":{"rendered":"<p>Francisco Carballo-Cruz, Jo\u00e3o Cerejeira and Rita Sousa, NIPE researchers and Professors of the Department of Economics of the School of Economics and Management, presented the study &#8220;A economia verde e a evolu\u00e7\u00e3o do mercado de trabalho em Portugal&#8221;, on 19 January 2023.<\/p>\n<p>The presentation session took place at Citerforma of the Centre for Labour Relations (CRL), in Lisbon, and had the intervention of the Minister of Labour, Solidarity and Social Security, Ana Mendes Godinho, and representatives of social partners.<\/p>\n<p>The study aims to contribute to the understanding of the impacts of the decarbonisation process of the economy on employment, identifying the sectors, occupations and characteristics of workers and jobs potentially most affected, through a granular analysis.<\/p>\n","protected":false},"excerpt":{"rendered":"<p>Francisco Carballo-Cruz, Jo\u00e3o Cerejeira and Rita Sousa, NIPE researchers and Professors of the Department of&#8230;<\/p>\n","protected":false},"author":21,"featured_media":25139,"comment_status":"closed","ping_status":"closed","sticky":false,"template":"","format":"standard","meta":{"_acf_changed":false,"footnotes":""},"categories":[2],"tags":[],"class_list":["post-25141","post","type-post","status-publish","format-standard","has-post-thumbnail","hentry","category-news-article"],"acf":[],"yoast_head":"<!-- This site is optimized with the Yoast SEO plugin v25.8 - https:\/\/yoast.com\/wordpress\/plugins\/seo\/ -->\n<title>NIPE researchers present study &quot;A economia verde e a evolu\u00e7\u00e3o do mercado de trabalho em Portugal&quot;, in Lisbon - N\u00facleo de Investiga\u00e7\u00e3o em Pol\u00ed\u200bticas Econ\u00f3micas e Empresariais<\/title>\n<meta name=\"robots\" content=\"index, follow, max-snippet:-1, max-image-preview:large, max-video-preview:-1\" \/>\n<link rel=\"canonical\" href=\"https:\/\/nipe.eeg.uminho.pt\/en\/nipe-researchers-present-study-a-economia-verde-e-a-evolucao-do-mercado-de-trabalho-em-portugal-in-lisbon\/\" \/>\n<meta property=\"og:locale\" content=\"en_US\" \/>\n<meta property=\"og:type\" content=\"article\" \/>\n<meta property=\"og:title\" content=\"NIPE researchers present study &quot;A economia verde e a evolu\u00e7\u00e3o do mercado de trabalho em Portugal&quot;, in Lisbon - N\u00facleo de Investiga\u00e7\u00e3o em Pol\u00ed\u200bticas Econ\u00f3micas e Empresariais\" \/>\n<meta property=\"og:description\" content=\"Francisco Carballo-Cruz, Jo\u00e3o Cerejeira and Rita Sousa, NIPE researchers and Professors of the Department of...\" \/>\n<meta property=\"og:url\" content=\"https:\/\/nipe.eeg.uminho.pt\/en\/nipe-researchers-present-study-a-economia-verde-e-a-evolucao-do-mercado-de-trabalho-em-portugal-in-lisbon\/\" \/>\n<meta property=\"og:site_name\" content=\"N\u00facleo de Investiga\u00e7\u00e3o em Pol\u00ed\u200bticas Econ\u00f3micas e Empresariais\" \/>\n<meta property=\"article:published_time\" content=\"2023-02-15T11:11:17+00:00\" \/>\n<meta property=\"article:modified_time\" content=\"2023-06-28T11:15:03+00:00\" \/>\n<meta property=\"og:image\" content=\"https:\/\/nipe.eeg.uminho.pt\/wp-content\/uploads\/2023\/06\/Estudo-sobre-o-impacto-da-economia-verde.png\" \/>\n\t<meta property=\"og:image:width\" content=\"1600\" \/>\n\t<meta property=\"og:image:height\" content=\"900\" \/>\n\t<meta property=\"og:image:type\" content=\"image\/png\" \/>\n<meta name=\"author\" content=\"beatrizazevedo\" \/>\n<meta name=\"twitter:card\" content=\"summary_large_image\" \/>\n<meta name=\"twitter:label1\" content=\"Written by\" \/>\n\t<meta name=\"twitter:data1\" content=\"beatrizazevedo\" \/>\n\t<meta name=\"twitter:label2\" content=\"Est. reading time\" \/>\n\t<meta name=\"twitter:data2\" content=\"1 minute\" \/>\n<script type=\"application\/ld+json\" class=\"yoast-schema-graph\">{\"@context\":\"https:\/\/schema.org\",\"@graph\":[{\"@type\":\"Article\",\"@id\":\"https:\/\/nipe.eeg.uminho.pt\/en\/nipe-researchers-present-study-a-economia-verde-e-a-evolucao-do-mercado-de-trabalho-em-portugal-in-lisbon\/#article\",\"isPartOf\":{\"@id\":\"https:\/\/nipe.eeg.uminho.pt\/en\/nipe-researchers-present-study-a-economia-verde-e-a-evolucao-do-mercado-de-trabalho-em-portugal-in-lisbon\/\"},\"author\":{\"name\":\"beatrizazevedo\",\"@id\":\"https:\/\/nipe.eeg.uminho.pt\/en\/#\/schema\/person\/a94680faae23be81b5e0fe3ecf25779c\"},\"headline\":\"NIPE researchers present study &#8220;A economia verde e a evolu\u00e7\u00e3o do mercado de trabalho em Portugal&#8221;, in Lisbon\",\"datePublished\":\"2023-02-15T11:11:17+00:00\",\"dateModified\":\"2023-06-28T11:15:03+00:00\",\"mainEntityOfPage\":{\"@id\":\"https:\/\/nipe.eeg.uminho.pt\/en\/nipe-researchers-present-study-a-economia-verde-e-a-evolucao-do-mercado-de-trabalho-em-portugal-in-lisbon\/\"},\"wordCount\":135,\"publisher\":{\"@id\":\"https:\/\/nipe.eeg.uminho.pt\/en\/#organization\"},\"image\":{\"@id\":\"https:\/\/nipe.eeg.uminho.pt\/en\/nipe-researchers-present-study-a-economia-verde-e-a-evolucao-do-mercado-de-trabalho-em-portugal-in-lisbon\/#primaryimage\"},\"thumbnailUrl\":\"https:\/\/nipe.eeg.uminho.pt\/wp-content\/uploads\/2023\/06\/Estudo-sobre-o-impacto-da-economia-verde.png\",\"articleSection\":[\"News article\"],\"inLanguage\":\"en-US\"},{\"@type\":\"WebPage\",\"@id\":\"https:\/\/nipe.eeg.uminho.pt\/en\/nipe-researchers-present-study-a-economia-verde-e-a-evolucao-do-mercado-de-trabalho-em-portugal-in-lisbon\/\",\"url\":\"https:\/\/nipe.eeg.uminho.pt\/en\/nipe-researchers-present-study-a-economia-verde-e-a-evolucao-do-mercado-de-trabalho-em-portugal-in-lisbon\/\",\"name\":\"NIPE researchers present study \\\"A economia verde e a evolu\u00e7\u00e3o do mercado de trabalho em Portugal\\\", in Lisbon - N\u00facleo de Investiga\u00e7\u00e3o em Pol\u00ed\u200bticas Econ\u00f3micas e Empresariais\",\"isPartOf\":{\"@id\":\"https:\/\/nipe.eeg.uminho.pt\/en\/#website\"},\"primaryImageOfPage\":{\"@id\":\"https:\/\/nipe.eeg.uminho.pt\/en\/nipe-researchers-present-study-a-economia-verde-e-a-evolucao-do-mercado-de-trabalho-em-portugal-in-lisbon\/#primaryimage\"},\"image\":{\"@id\":\"https:\/\/nipe.eeg.uminho.pt\/en\/nipe-researchers-present-study-a-economia-verde-e-a-evolucao-do-mercado-de-trabalho-em-portugal-in-lisbon\/#primaryimage\"},\"thumbnailUrl\":\"https:\/\/nipe.eeg.uminho.pt\/wp-content\/uploads\/2023\/06\/Estudo-sobre-o-impacto-da-economia-verde.png\",\"datePublished\":\"2023-02-15T11:11:17+00:00\",\"dateModified\":\"2023-06-28T11:15:03+00:00\",\"breadcrumb\":{\"@id\":\"https:\/\/nipe.eeg.uminho.pt\/en\/nipe-researchers-present-study-a-economia-verde-e-a-evolucao-do-mercado-de-trabalho-em-portugal-in-lisbon\/#breadcrumb\"},\"inLanguage\":\"en-US\",\"potentialAction\":[{\"@type\":\"ReadAction\",\"target\":[\"https:\/\/nipe.eeg.uminho.pt\/en\/nipe-researchers-present-study-a-economia-verde-e-a-evolucao-do-mercado-de-trabalho-em-portugal-in-lisbon\/\"]}]},{\"@type\":\"ImageObject\",\"inLanguage\":\"en-US\",\"@id\":\"https:\/\/nipe.eeg.uminho.pt\/en\/nipe-researchers-present-study-a-economia-verde-e-a-evolucao-do-mercado-de-trabalho-em-portugal-in-lisbon\/#primaryimage\",\"url\":\"https:\/\/nipe.eeg.uminho.pt\/wp-content\/uploads\/2023\/06\/Estudo-sobre-o-impacto-da-economia-verde.png\",\"contentUrl\":\"https:\/\/nipe.eeg.uminho.pt\/wp-content\/uploads\/2023\/06\/Estudo-sobre-o-impacto-da-economia-verde.png\",\"width\":1600,\"height\":900},{\"@type\":\"BreadcrumbList\",\"@id\":\"https:\/\/nipe.eeg.uminho.pt\/en\/nipe-researchers-present-study-a-economia-verde-e-a-evolucao-do-mercado-de-trabalho-em-portugal-in-lisbon\/#breadcrumb\",\"itemListElement\":[{\"@type\":\"ListItem\",\"position\":1,\"name\":\"In\u00edcio\",\"item\":\"https:\/\/nipe.eeg.uminho.pt\/en\/\"},{\"@type\":\"ListItem\",\"position\":2,\"name\":\"NIPE researchers present study &#8220;A economia verde e a evolu\u00e7\u00e3o do mercado de trabalho em Portugal&#8221;, in Lisbon\"}]},{\"@type\":\"WebSite\",\"@id\":\"https:\/\/nipe.eeg.uminho.pt\/en\/#website\",\"url\":\"https:\/\/nipe.eeg.uminho.pt\/en\/\",\"name\":\"N\u00facleo de Investiga\u00e7\u00e3o em Pol\u00ed\u200bticas Econ\u00f3micas e Empresariais\",\"description\":\"Escola de Economia e Gest\u00e3o da UMinho\",\"publisher\":{\"@id\":\"https:\/\/nipe.eeg.uminho.pt\/en\/#organization\"},\"potentialAction\":[{\"@type\":\"SearchAction\",\"target\":{\"@type\":\"EntryPoint\",\"urlTemplate\":\"https:\/\/nipe.eeg.uminho.pt\/en\/?s={search_term_string}\"},\"query-input\":{\"@type\":\"PropertyValueSpecification\",\"valueRequired\":true,\"valueName\":\"search_term_string\"}}],\"inLanguage\":\"en-US\"},{\"@type\":\"Organization\",\"@id\":\"https:\/\/nipe.eeg.uminho.pt\/en\/#organization\",\"name\":\"NIPE U.MINHO\",\"url\":\"https:\/\/nipe.eeg.uminho.pt\/en\/\",\"logo\":{\"@type\":\"ImageObject\",\"inLanguage\":\"en-US\",\"@id\":\"https:\/\/nipe.eeg.uminho.pt\/en\/#\/schema\/logo\/image\/\",\"url\":\"https:\/\/nipe.eeg.uminho.pt\/wp-content\/uploads\/2021\/02\/NIPE-logo-principal_hover_retina.jpg\",\"contentUrl\":\"https:\/\/nipe.eeg.uminho.pt\/wp-content\/uploads\/2021\/02\/NIPE-logo-principal_hover_retina.jpg\",\"width\":320,\"height\":320,\"caption\":\"NIPE U.MINHO\"},\"image\":{\"@id\":\"https:\/\/nipe.eeg.uminho.pt\/en\/#\/schema\/logo\/image\/\"}},{\"@type\":\"Person\",\"@id\":\"https:\/\/nipe.eeg.uminho.pt\/en\/#\/schema\/person\/a94680faae23be81b5e0fe3ecf25779c\",\"name\":\"beatrizazevedo\",\"image\":{\"@type\":\"ImageObject\",\"inLanguage\":\"en-US\",\"@id\":\"https:\/\/nipe.eeg.uminho.pt\/en\/#\/schema\/person\/image\/\",\"url\":\"https:\/\/secure.gravatar.com\/avatar\/242a73994251f3b5fb8fd3a738fc0bd6b405e93c47414f01a6562d769a721f5b?s=96&d=mm&r=g\",\"contentUrl\":\"https:\/\/secure.gravatar.com\/avatar\/242a73994251f3b5fb8fd3a738fc0bd6b405e93c47414f01a6562d769a721f5b?s=96&d=mm&r=g\",\"caption\":\"beatrizazevedo\"}}]}<\/script>\n<!-- \/ Yoast SEO plugin. -->","yoast_head_json":{"title":"NIPE researchers present study \"A economia verde e a evolu\u00e7\u00e3o do mercado de trabalho em Portugal\", in Lisbon - N\u00facleo de Investiga\u00e7\u00e3o em Pol\u00ed\u200bticas Econ\u00f3micas e Empresariais","robots":{"index":"index","follow":"follow","max-snippet":"max-snippet:-1","max-image-preview":"max-image-preview:large","max-video-preview":"max-video-preview:-1"},"canonical":"https:\/\/nipe.eeg.uminho.pt\/en\/nipe-researchers-present-study-a-economia-verde-e-a-evolucao-do-mercado-de-trabalho-em-portugal-in-lisbon\/","og_locale":"en_US","og_type":"article","og_title":"NIPE researchers present study \"A economia verde e a evolu\u00e7\u00e3o do mercado de trabalho em Portugal\", in Lisbon - N\u00facleo de Investiga\u00e7\u00e3o em Pol\u00ed\u200bticas Econ\u00f3micas e Empresariais","og_description":"Francisco Carballo-Cruz, Jo\u00e3o Cerejeira and Rita Sousa, NIPE researchers and Professors of the Department of...","og_url":"https:\/\/nipe.eeg.uminho.pt\/en\/nipe-researchers-present-study-a-economia-verde-e-a-evolucao-do-mercado-de-trabalho-em-portugal-in-lisbon\/","og_site_name":"N\u00facleo de Investiga\u00e7\u00e3o em Pol\u00ed\u200bticas Econ\u00f3micas e Empresariais","article_published_time":"2023-02-15T11:11:17+00:00","article_modified_time":"2023-06-28T11:15:03+00:00","og_image":[{"width":1600,"height":900,"url":"https:\/\/nipe.eeg.uminho.pt\/wp-content\/uploads\/2023\/06\/Estudo-sobre-o-impacto-da-economia-verde.png","type":"image\/png"}],"author":"beatrizazevedo","twitter_card":"summary_large_image","twitter_misc":{"Written by":"beatrizazevedo","Est. reading time":"1 minute"},"schema":{"@context":"https:\/\/schema.org","@graph":[{"@type":"Article","@id":"https:\/\/nipe.eeg.uminho.pt\/en\/nipe-researchers-present-study-a-economia-verde-e-a-evolucao-do-mercado-de-trabalho-em-portugal-in-lisbon\/#article","isPartOf":{"@id":"https:\/\/nipe.eeg.uminho.pt\/en\/nipe-researchers-present-study-a-economia-verde-e-a-evolucao-do-mercado-de-trabalho-em-portugal-in-lisbon\/"},"author":{"name":"beatrizazevedo","@id":"https:\/\/nipe.eeg.uminho.pt\/en\/#\/schema\/person\/a94680faae23be81b5e0fe3ecf25779c"},"headline":"NIPE researchers present study &#8220;A economia verde e a evolu\u00e7\u00e3o do mercado de trabalho em Portugal&#8221;, in Lisbon","datePublished":"2023-02-15T11:11:17+00:00","dateModified":"2023-06-28T11:15:03+00:00","mainEntityOfPage":{"@id":"https:\/\/nipe.eeg.uminho.pt\/en\/nipe-researchers-present-study-a-economia-verde-e-a-evolucao-do-mercado-de-trabalho-em-portugal-in-lisbon\/"},"wordCount":135,"publisher":{"@id":"https:\/\/nipe.eeg.uminho.pt\/en\/#organization"},"image":{"@id":"https:\/\/nipe.eeg.uminho.pt\/en\/nipe-researchers-present-study-a-economia-verde-e-a-evolucao-do-mercado-de-trabalho-em-portugal-in-lisbon\/#primaryimage"},"thumbnailUrl":"https:\/\/nipe.eeg.uminho.pt\/wp-content\/uploads\/2023\/06\/Estudo-sobre-o-impacto-da-economia-verde.png","articleSection":["News article"],"inLanguage":"en-US"},{"@type":"WebPage","@id":"https:\/\/nipe.eeg.uminho.pt\/en\/nipe-researchers-present-study-a-economia-verde-e-a-evolucao-do-mercado-de-trabalho-em-portugal-in-lisbon\/","url":"https:\/\/nipe.eeg.uminho.pt\/en\/nipe-researchers-present-study-a-economia-verde-e-a-evolucao-do-mercado-de-trabalho-em-portugal-in-lisbon\/","name":"NIPE researchers present study \"A economia verde e a evolu\u00e7\u00e3o do mercado de trabalho em Portugal\", in Lisbon - N\u00facleo de Investiga\u00e7\u00e3o em Pol\u00ed\u200bticas Econ\u00f3micas e Empresariais","isPartOf":{"@id":"https:\/\/nipe.eeg.uminho.pt\/en\/#website"},"primaryImageOfPage":{"@id":"https:\/\/nipe.eeg.uminho.pt\/en\/nipe-researchers-present-study-a-economia-verde-e-a-evolucao-do-mercado-de-trabalho-em-portugal-in-lisbon\/#primaryimage"},"image":{"@id":"https:\/\/nipe.eeg.uminho.pt\/en\/nipe-researchers-present-study-a-economia-verde-e-a-evolucao-do-mercado-de-trabalho-em-portugal-in-lisbon\/#primaryimage"},"thumbnailUrl":"https:\/\/nipe.eeg.uminho.pt\/wp-content\/uploads\/2023\/06\/Estudo-sobre-o-impacto-da-economia-verde.png","datePublished":"2023-02-15T11:11:17+00:00","dateModified":"2023-06-28T11:15:03+00:00","breadcrumb":{"@id":"https:\/\/nipe.eeg.uminho.pt\/en\/nipe-researchers-present-study-a-economia-verde-e-a-evolucao-do-mercado-de-trabalho-em-portugal-in-lisbon\/#breadcrumb"},"inLanguage":"en-US","potentialAction":[{"@type":"ReadAction","target":["https:\/\/nipe.eeg.uminho.pt\/en\/nipe-researchers-present-study-a-economia-verde-e-a-evolucao-do-mercado-de-trabalho-em-portugal-in-lisbon\/"]}]},{"@type":"ImageObject","inLanguage":"en-US","@id":"https:\/\/nipe.eeg.uminho.pt\/en\/nipe-researchers-present-study-a-economia-verde-e-a-evolucao-do-mercado-de-trabalho-em-portugal-in-lisbon\/#primaryimage","url":"https:\/\/nipe.eeg.uminho.pt\/wp-content\/uploads\/2023\/06\/Estudo-sobre-o-impacto-da-economia-verde.png","contentUrl":"https:\/\/nipe.eeg.uminho.pt\/wp-content\/uploads\/2023\/06\/Estudo-sobre-o-impacto-da-economia-verde.png","width":1600,"height":900},{"@type":"BreadcrumbList","@id":"https:\/\/nipe.eeg.uminho.pt\/en\/nipe-researchers-present-study-a-economia-verde-e-a-evolucao-do-mercado-de-trabalho-em-portugal-in-lisbon\/#breadcrumb","itemListElement":[{"@type":"ListItem","position":1,"name":"In\u00edcio","item":"https:\/\/nipe.eeg.uminho.pt\/en\/"},{"@type":"ListItem","position":2,"name":"NIPE researchers present study &#8220;A economia verde e a evolu\u00e7\u00e3o do mercado de trabalho em Portugal&#8221;, in Lisbon"}]},{"@type":"WebSite","@id":"https:\/\/nipe.eeg.uminho.pt\/en\/#website","url":"https:\/\/nipe.eeg.uminho.pt\/en\/","name":"N\u00facleo de Investiga\u00e7\u00e3o em Pol\u00ed\u200bticas Econ\u00f3micas e Empresariais","description":"Escola de Economia e Gest\u00e3o da UMinho","publisher":{"@id":"https:\/\/nipe.eeg.uminho.pt\/en\/#organization"},"potentialAction":[{"@type":"SearchAction","target":{"@type":"EntryPoint","urlTemplate":"https:\/\/nipe.eeg.uminho.pt\/en\/?s={search_term_string}"},"query-input":{"@type":"PropertyValueSpecification","valueRequired":true,"valueName":"search_term_string"}}],"inLanguage":"en-US"},{"@type":"Organization","@id":"https:\/\/nipe.eeg.uminho.pt\/en\/#organization","name":"NIPE U.MINHO","url":"https:\/\/nipe.eeg.uminho.pt\/en\/","logo":{"@type":"ImageObject","inLanguage":"en-US","@id":"https:\/\/nipe.eeg.uminho.pt\/en\/#\/schema\/logo\/image\/","url":"https:\/\/nipe.eeg.uminho.pt\/wp-content\/uploads\/2021\/02\/NIPE-logo-principal_hover_retina.jpg","contentUrl":"https:\/\/nipe.eeg.uminho.pt\/wp-content\/uploads\/2021\/02\/NIPE-logo-principal_hover_retina.jpg","width":320,"height":320,"caption":"NIPE U.MINHO"},"image":{"@id":"https:\/\/nipe.eeg.uminho.pt\/en\/#\/schema\/logo\/image\/"}},{"@type":"Person","@id":"https:\/\/nipe.eeg.uminho.pt\/en\/#\/schema\/person\/a94680faae23be81b5e0fe3ecf25779c","name":"beatrizazevedo","image":{"@type":"ImageObject","inLanguage":"en-US","@id":"https:\/\/nipe.eeg.uminho.pt\/en\/#\/schema\/person\/image\/","url":"https:\/\/secure.gravatar.com\/avatar\/242a73994251f3b5fb8fd3a738fc0bd6b405e93c47414f01a6562d769a721f5b?s=96&d=mm&r=g","contentUrl":"https:\/\/secure.gravatar.com\/avatar\/242a73994251f3b5fb8fd3a738fc0bd6b405e93c47414f01a6562d769a721f5b?s=96&d=mm&r=g","caption":"beatrizazevedo"}}]}},"_links":{"self":[{"href":"https:\/\/nipe.eeg.uminho.pt\/en\/wp-json\/wp\/v2\/posts\/25141","targetHints":{"allow":["GET"]}}],"collection":[{"href":"https:\/\/nipe.eeg.uminho.pt\/en\/wp-json\/wp\/v2\/posts"}],"about":[{"href":"https:\/\/nipe.eeg.uminho.pt\/en\/wp-json\/wp\/v2\/types\/post"}],"author":[{"embeddable":true,"href":"https:\/\/nipe.eeg.uminho.pt\/en\/wp-json\/wp\/v2\/users\/21"}],"replies":[{"embeddable":true,"href":"https:\/\/nipe.eeg.uminho.pt\/en\/wp-json\/wp\/v2\/comments?post=25141"}],"version-history":[{"count":1,"href":"https:\/\/nipe.eeg.uminho.pt\/en\/wp-json\/wp\/v2\/posts\/25141\/revisions"}],"predecessor-version":[{"id":25142,"href":"https:\/\/nipe.eeg.uminho.pt\/en\/wp-json\/wp\/v2\/posts\/25141\/revisions\/25142"}],"wp:featuredmedia":[{"embeddable":true,"href":"https:\/\/nipe.eeg.uminho.pt\/en\/wp-json\/wp\/v2\/media\/25139"}],"wp:attachment":[{"href":"https:\/\/nipe.eeg.uminho.pt\/en\/wp-json\/wp\/v2\/media?parent=25141"}],"wp:term":[{"taxonomy":"category","embeddable":true,"href":"https:\/\/nipe.eeg.uminho.pt\/en\/wp-json\/wp\/v2\/categories?post=25141"},{"taxonomy":"post_tag","embeddable":true,"href":"https:\/\/nipe.eeg.uminho.pt\/en\/wp-json\/wp\/v2\/tags?post=25141"}],"curies":[{"name":"wp","href":"https:\/\/api.w.org\/{rel}","templated":true}]}}