{"id":23027,"date":"2022-12-05T16:16:04","date_gmt":"2022-12-05T15:16:04","guid":{"rendered":"https:\/\/nipe.eeg.uminho.pt\/?p=23027"},"modified":"2022-12-05T16:16:04","modified_gmt":"2022-12-05T15:16:04","slug":"nipe-researcher-manuel-rocha-armada-honoured-by-braga-city-council-with-a-medal-of-merit","status":"publish","type":"post","link":"https:\/\/nipe.eeg.uminho.pt\/en\/nipe-researcher-manuel-rocha-armada-honoured-by-braga-city-council-with-a-medal-of-merit\/","title":{"rendered":"NIPE researcher Manuel Rocha Armada  honoured by Braga City Council with a medal of Merit"},"content":{"rendered":"<p>Braga City Council awarded, on last 4 December, municipal merit medals to several entities and personalities that have been noted for their civic deeds or personal merit. Thus, his contribution to the City Council through his career, developed at the School of Economics and Management of the University of Minho, earned this tribute to EEG Professor and NIPE Researcher Manuel Rocha Armada with a Gold Medal.<\/p>\n<p>More information <a href=\"https:\/\/www.cm-braga.pt\/pt\/0201\/comunicacao\/noticias\/item\/item-1-14945\">here<\/a>.<\/p>\n<p>More photos <a href=\"http:\/\/facebook.com\/municipiodebraga\/posts\/pfbid02TTu6NRMPG8oPrAbsaGpcYqiZo1U8ztHCE2APsQUbXFxApAHZFmPAjHS3HfNWrpSJl\">here<\/a>.<\/p>\n","protected":false},"excerpt":{"rendered":"<p>Braga City Council awarded, on last 4 December, municipal merit medals to several entities and&#8230;<\/p>\n","protected":false},"author":18,"featured_media":23028,"comment_status":"closed","ping_status":"open","sticky":false,"template":"","format":"standard","meta":{"_acf_changed":false,"footnotes":""},"categories":[2],"tags":[],"class_list":["post-23027","post","type-post","status-publish","format-standard","has-post-thumbnail","hentry","category-news-article"],"acf":[],"yoast_head":"<!-- This site is optimized with the Yoast SEO plugin v25.8 - https:\/\/yoast.com\/wordpress\/plugins\/seo\/ -->\n<title>NIPE researcher Manuel Rocha Armada honoured by Braga City Council with a medal of Merit - N\u00facleo de Investiga\u00e7\u00e3o em Pol\u00ed\u200bticas Econ\u00f3micas e Empresariais<\/title>\n<meta name=\"robots\" content=\"index, follow, max-snippet:-1, max-image-preview:large, max-video-preview:-1\" \/>\n<link rel=\"canonical\" href=\"https:\/\/nipe.eeg.uminho.pt\/en\/nipe-researcher-manuel-rocha-armada-honoured-by-braga-city-council-with-a-medal-of-merit\/\" \/>\n<meta property=\"og:locale\" content=\"en_US\" \/>\n<meta property=\"og:type\" content=\"article\" \/>\n<meta property=\"og:title\" content=\"NIPE researcher Manuel Rocha Armada honoured by Braga City Council with a medal of Merit - N\u00facleo de Investiga\u00e7\u00e3o em Pol\u00ed\u200bticas Econ\u00f3micas e Empresariais\" \/>\n<meta property=\"og:description\" content=\"Braga City Council awarded, on last 4 December, municipal merit medals to several entities and...\" \/>\n<meta property=\"og:url\" content=\"https:\/\/nipe.eeg.uminho.pt\/en\/nipe-researcher-manuel-rocha-armada-honoured-by-braga-city-council-with-a-medal-of-merit\/\" \/>\n<meta property=\"og:site_name\" content=\"N\u00facleo de Investiga\u00e7\u00e3o em Pol\u00ed\u200bticas Econ\u00f3micas e Empresariais\" \/>\n<meta property=\"article:published_time\" content=\"2022-12-05T15:16:04+00:00\" \/>\n<meta property=\"og:image\" content=\"https:\/\/nipe.eeg.uminho.pt\/wp-content\/uploads\/2022\/12\/Copia-de-Copia-de-Copia-de-The-UMinhos-Scientific-Merit-Award-2022-was-attributed-to-Professor-Fernando-Alexandre.-2.png\" \/>\n\t<meta property=\"og:image:width\" content=\"1600\" \/>\n\t<meta property=\"og:image:height\" content=\"900\" \/>\n\t<meta property=\"og:image:type\" content=\"image\/png\" \/>\n<meta name=\"author\" content=\"iolandavieira\" \/>\n<meta name=\"twitter:card\" content=\"summary_large_image\" \/>\n<meta name=\"twitter:label1\" content=\"Written by\" \/>\n\t<meta name=\"twitter:data1\" content=\"iolandavieira\" \/>\n\t<meta name=\"twitter:label2\" content=\"Est. reading time\" \/>\n\t<meta name=\"twitter:data2\" content=\"1 minute\" \/>\n<script type=\"application\/ld+json\" class=\"yoast-schema-graph\">{\"@context\":\"https:\/\/schema.org\",\"@graph\":[{\"@type\":\"Article\",\"@id\":\"https:\/\/nipe.eeg.uminho.pt\/en\/nipe-researcher-manuel-rocha-armada-honoured-by-braga-city-council-with-a-medal-of-merit\/#article\",\"isPartOf\":{\"@id\":\"https:\/\/nipe.eeg.uminho.pt\/en\/nipe-researcher-manuel-rocha-armada-honoured-by-braga-city-council-with-a-medal-of-merit\/\"},\"author\":{\"name\":\"iolandavieira\",\"@id\":\"https:\/\/nipe.eeg.uminho.pt\/en\/#\/schema\/person\/917368c2b898252e8001ca67288abf52\"},\"headline\":\"NIPE researcher Manuel Rocha Armada honoured by Braga City Council with a medal of Merit\",\"datePublished\":\"2022-12-05T15:16:04+00:00\",\"mainEntityOfPage\":{\"@id\":\"https:\/\/nipe.eeg.uminho.pt\/en\/nipe-researcher-manuel-rocha-armada-honoured-by-braga-city-council-with-a-medal-of-merit\/\"},\"wordCount\":86,\"publisher\":{\"@id\":\"https:\/\/nipe.eeg.uminho.pt\/en\/#organization\"},\"image\":{\"@id\":\"https:\/\/nipe.eeg.uminho.pt\/en\/nipe-researcher-manuel-rocha-armada-honoured-by-braga-city-council-with-a-medal-of-merit\/#primaryimage\"},\"thumbnailUrl\":\"https:\/\/nipe.eeg.uminho.pt\/wp-content\/uploads\/2022\/12\/Copia-de-Copia-de-Copia-de-The-UMinhos-Scientific-Merit-Award-2022-was-attributed-to-Professor-Fernando-Alexandre.-2.png\",\"articleSection\":[\"News article\"],\"inLanguage\":\"en-US\"},{\"@type\":\"WebPage\",\"@id\":\"https:\/\/nipe.eeg.uminho.pt\/en\/nipe-researcher-manuel-rocha-armada-honoured-by-braga-city-council-with-a-medal-of-merit\/\",\"url\":\"https:\/\/nipe.eeg.uminho.pt\/en\/nipe-researcher-manuel-rocha-armada-honoured-by-braga-city-council-with-a-medal-of-merit\/\",\"name\":\"NIPE researcher Manuel Rocha Armada honoured by Braga City Council with a medal of Merit - N\u00facleo de Investiga\u00e7\u00e3o em Pol\u00ed\u200bticas Econ\u00f3micas e Empresariais\",\"isPartOf\":{\"@id\":\"https:\/\/nipe.eeg.uminho.pt\/en\/#website\"},\"primaryImageOfPage\":{\"@id\":\"https:\/\/nipe.eeg.uminho.pt\/en\/nipe-researcher-manuel-rocha-armada-honoured-by-braga-city-council-with-a-medal-of-merit\/#primaryimage\"},\"image\":{\"@id\":\"https:\/\/nipe.eeg.uminho.pt\/en\/nipe-researcher-manuel-rocha-armada-honoured-by-braga-city-council-with-a-medal-of-merit\/#primaryimage\"},\"thumbnailUrl\":\"https:\/\/nipe.eeg.uminho.pt\/wp-content\/uploads\/2022\/12\/Copia-de-Copia-de-Copia-de-The-UMinhos-Scientific-Merit-Award-2022-was-attributed-to-Professor-Fernando-Alexandre.-2.png\",\"datePublished\":\"2022-12-05T15:16:04+00:00\",\"breadcrumb\":{\"@id\":\"https:\/\/nipe.eeg.uminho.pt\/en\/nipe-researcher-manuel-rocha-armada-honoured-by-braga-city-council-with-a-medal-of-merit\/#breadcrumb\"},\"inLanguage\":\"en-US\",\"potentialAction\":[{\"@type\":\"ReadAction\",\"target\":[\"https:\/\/nipe.eeg.uminho.pt\/en\/nipe-researcher-manuel-rocha-armada-honoured-by-braga-city-council-with-a-medal-of-merit\/\"]}]},{\"@type\":\"ImageObject\",\"inLanguage\":\"en-US\",\"@id\":\"https:\/\/nipe.eeg.uminho.pt\/en\/nipe-researcher-manuel-rocha-armada-honoured-by-braga-city-council-with-a-medal-of-merit\/#primaryimage\",\"url\":\"https:\/\/nipe.eeg.uminho.pt\/wp-content\/uploads\/2022\/12\/Copia-de-Copia-de-Copia-de-The-UMinhos-Scientific-Merit-Award-2022-was-attributed-to-Professor-Fernando-Alexandre.-2.png\",\"contentUrl\":\"https:\/\/nipe.eeg.uminho.pt\/wp-content\/uploads\/2022\/12\/Copia-de-Copia-de-Copia-de-The-UMinhos-Scientific-Merit-Award-2022-was-attributed-to-Professor-Fernando-Alexandre.-2.png\",\"width\":1600,\"height\":900},{\"@type\":\"BreadcrumbList\",\"@id\":\"https:\/\/nipe.eeg.uminho.pt\/en\/nipe-researcher-manuel-rocha-armada-honoured-by-braga-city-council-with-a-medal-of-merit\/#breadcrumb\",\"itemListElement\":[{\"@type\":\"ListItem\",\"position\":1,\"name\":\"In\u00edcio\",\"item\":\"https:\/\/nipe.eeg.uminho.pt\/en\/\"},{\"@type\":\"ListItem\",\"position\":2,\"name\":\"NIPE researcher Manuel Rocha Armada honoured by Braga City Council with a medal of Merit\"}]},{\"@type\":\"WebSite\",\"@id\":\"https:\/\/nipe.eeg.uminho.pt\/en\/#website\",\"url\":\"https:\/\/nipe.eeg.uminho.pt\/en\/\",\"name\":\"N\u00facleo de Investiga\u00e7\u00e3o em Pol\u00ed\u200bticas Econ\u00f3micas e Empresariais\",\"description\":\"Escola de Economia e Gest\u00e3o da UMinho\",\"publisher\":{\"@id\":\"https:\/\/nipe.eeg.uminho.pt\/en\/#organization\"},\"potentialAction\":[{\"@type\":\"SearchAction\",\"target\":{\"@type\":\"EntryPoint\",\"urlTemplate\":\"https:\/\/nipe.eeg.uminho.pt\/en\/?s={search_term_string}\"},\"query-input\":{\"@type\":\"PropertyValueSpecification\",\"valueRequired\":true,\"valueName\":\"search_term_string\"}}],\"inLanguage\":\"en-US\"},{\"@type\":\"Organization\",\"@id\":\"https:\/\/nipe.eeg.uminho.pt\/en\/#organization\",\"name\":\"NIPE U.MINHO\",\"url\":\"https:\/\/nipe.eeg.uminho.pt\/en\/\",\"logo\":{\"@type\":\"ImageObject\",\"inLanguage\":\"en-US\",\"@id\":\"https:\/\/nipe.eeg.uminho.pt\/en\/#\/schema\/logo\/image\/\",\"url\":\"https:\/\/nipe.eeg.uminho.pt\/wp-content\/uploads\/2021\/02\/NIPE-logo-principal_hover_retina.jpg\",\"contentUrl\":\"https:\/\/nipe.eeg.uminho.pt\/wp-content\/uploads\/2021\/02\/NIPE-logo-principal_hover_retina.jpg\",\"width\":320,\"height\":320,\"caption\":\"NIPE U.MINHO\"},\"image\":{\"@id\":\"https:\/\/nipe.eeg.uminho.pt\/en\/#\/schema\/logo\/image\/\"}},{\"@type\":\"Person\",\"@id\":\"https:\/\/nipe.eeg.uminho.pt\/en\/#\/schema\/person\/917368c2b898252e8001ca67288abf52\",\"name\":\"iolandavieira\",\"image\":{\"@type\":\"ImageObject\",\"inLanguage\":\"en-US\",\"@id\":\"https:\/\/nipe.eeg.uminho.pt\/en\/#\/schema\/person\/image\/\",\"url\":\"https:\/\/secure.gravatar.com\/avatar\/60121b1dfa45dbd6689af2b8027e58735d6b4c93ef1d1e77d7800780be6517bb?s=96&d=mm&r=g\",\"contentUrl\":\"https:\/\/secure.gravatar.com\/avatar\/60121b1dfa45dbd6689af2b8027e58735d6b4c93ef1d1e77d7800780be6517bb?s=96&d=mm&r=g\",\"caption\":\"iolandavieira\"}}]}<\/script>\n<!-- \/ Yoast SEO plugin. -->","yoast_head_json":{"title":"NIPE researcher Manuel Rocha Armada honoured by Braga City Council with a medal of Merit - N\u00facleo de Investiga\u00e7\u00e3o em Pol\u00ed\u200bticas Econ\u00f3micas e Empresariais","robots":{"index":"index","follow":"follow","max-snippet":"max-snippet:-1","max-image-preview":"max-image-preview:large","max-video-preview":"max-video-preview:-1"},"canonical":"https:\/\/nipe.eeg.uminho.pt\/en\/nipe-researcher-manuel-rocha-armada-honoured-by-braga-city-council-with-a-medal-of-merit\/","og_locale":"en_US","og_type":"article","og_title":"NIPE researcher Manuel Rocha Armada honoured by Braga City Council with a medal of Merit - N\u00facleo de Investiga\u00e7\u00e3o em Pol\u00ed\u200bticas Econ\u00f3micas e Empresariais","og_description":"Braga City Council awarded, on last 4 December, municipal merit medals to several entities and...","og_url":"https:\/\/nipe.eeg.uminho.pt\/en\/nipe-researcher-manuel-rocha-armada-honoured-by-braga-city-council-with-a-medal-of-merit\/","og_site_name":"N\u00facleo de Investiga\u00e7\u00e3o em Pol\u00ed\u200bticas Econ\u00f3micas e Empresariais","article_published_time":"2022-12-05T15:16:04+00:00","og_image":[{"width":1600,"height":900,"url":"https:\/\/nipe.eeg.uminho.pt\/wp-content\/uploads\/2022\/12\/Copia-de-Copia-de-Copia-de-The-UMinhos-Scientific-Merit-Award-2022-was-attributed-to-Professor-Fernando-Alexandre.-2.png","type":"image\/png"}],"author":"iolandavieira","twitter_card":"summary_large_image","twitter_misc":{"Written by":"iolandavieira","Est. reading time":"1 minute"},"schema":{"@context":"https:\/\/schema.org","@graph":[{"@type":"Article","@id":"https:\/\/nipe.eeg.uminho.pt\/en\/nipe-researcher-manuel-rocha-armada-honoured-by-braga-city-council-with-a-medal-of-merit\/#article","isPartOf":{"@id":"https:\/\/nipe.eeg.uminho.pt\/en\/nipe-researcher-manuel-rocha-armada-honoured-by-braga-city-council-with-a-medal-of-merit\/"},"author":{"name":"iolandavieira","@id":"https:\/\/nipe.eeg.uminho.pt\/en\/#\/schema\/person\/917368c2b898252e8001ca67288abf52"},"headline":"NIPE researcher Manuel Rocha Armada honoured by Braga City Council with a medal of Merit","datePublished":"2022-12-05T15:16:04+00:00","mainEntityOfPage":{"@id":"https:\/\/nipe.eeg.uminho.pt\/en\/nipe-researcher-manuel-rocha-armada-honoured-by-braga-city-council-with-a-medal-of-merit\/"},"wordCount":86,"publisher":{"@id":"https:\/\/nipe.eeg.uminho.pt\/en\/#organization"},"image":{"@id":"https:\/\/nipe.eeg.uminho.pt\/en\/nipe-researcher-manuel-rocha-armada-honoured-by-braga-city-council-with-a-medal-of-merit\/#primaryimage"},"thumbnailUrl":"https:\/\/nipe.eeg.uminho.pt\/wp-content\/uploads\/2022\/12\/Copia-de-Copia-de-Copia-de-The-UMinhos-Scientific-Merit-Award-2022-was-attributed-to-Professor-Fernando-Alexandre.-2.png","articleSection":["News article"],"inLanguage":"en-US"},{"@type":"WebPage","@id":"https:\/\/nipe.eeg.uminho.pt\/en\/nipe-researcher-manuel-rocha-armada-honoured-by-braga-city-council-with-a-medal-of-merit\/","url":"https:\/\/nipe.eeg.uminho.pt\/en\/nipe-researcher-manuel-rocha-armada-honoured-by-braga-city-council-with-a-medal-of-merit\/","name":"NIPE researcher Manuel Rocha Armada honoured by Braga City Council with a medal of Merit - N\u00facleo de Investiga\u00e7\u00e3o em Pol\u00ed\u200bticas Econ\u00f3micas e Empresariais","isPartOf":{"@id":"https:\/\/nipe.eeg.uminho.pt\/en\/#website"},"primaryImageOfPage":{"@id":"https:\/\/nipe.eeg.uminho.pt\/en\/nipe-researcher-manuel-rocha-armada-honoured-by-braga-city-council-with-a-medal-of-merit\/#primaryimage"},"image":{"@id":"https:\/\/nipe.eeg.uminho.pt\/en\/nipe-researcher-manuel-rocha-armada-honoured-by-braga-city-council-with-a-medal-of-merit\/#primaryimage"},"thumbnailUrl":"https:\/\/nipe.eeg.uminho.pt\/wp-content\/uploads\/2022\/12\/Copia-de-Copia-de-Copia-de-The-UMinhos-Scientific-Merit-Award-2022-was-attributed-to-Professor-Fernando-Alexandre.-2.png","datePublished":"2022-12-05T15:16:04+00:00","breadcrumb":{"@id":"https:\/\/nipe.eeg.uminho.pt\/en\/nipe-researcher-manuel-rocha-armada-honoured-by-braga-city-council-with-a-medal-of-merit\/#breadcrumb"},"inLanguage":"en-US","potentialAction":[{"@type":"ReadAction","target":["https:\/\/nipe.eeg.uminho.pt\/en\/nipe-researcher-manuel-rocha-armada-honoured-by-braga-city-council-with-a-medal-of-merit\/"]}]},{"@type":"ImageObject","inLanguage":"en-US","@id":"https:\/\/nipe.eeg.uminho.pt\/en\/nipe-researcher-manuel-rocha-armada-honoured-by-braga-city-council-with-a-medal-of-merit\/#primaryimage","url":"https:\/\/nipe.eeg.uminho.pt\/wp-content\/uploads\/2022\/12\/Copia-de-Copia-de-Copia-de-The-UMinhos-Scientific-Merit-Award-2022-was-attributed-to-Professor-Fernando-Alexandre.-2.png","contentUrl":"https:\/\/nipe.eeg.uminho.pt\/wp-content\/uploads\/2022\/12\/Copia-de-Copia-de-Copia-de-The-UMinhos-Scientific-Merit-Award-2022-was-attributed-to-Professor-Fernando-Alexandre.-2.png","width":1600,"height":900},{"@type":"BreadcrumbList","@id":"https:\/\/nipe.eeg.uminho.pt\/en\/nipe-researcher-manuel-rocha-armada-honoured-by-braga-city-council-with-a-medal-of-merit\/#breadcrumb","itemListElement":[{"@type":"ListItem","position":1,"name":"In\u00edcio","item":"https:\/\/nipe.eeg.uminho.pt\/en\/"},{"@type":"ListItem","position":2,"name":"NIPE researcher Manuel Rocha Armada honoured by Braga City Council with a medal of Merit"}]},{"@type":"WebSite","@id":"https:\/\/nipe.eeg.uminho.pt\/en\/#website","url":"https:\/\/nipe.eeg.uminho.pt\/en\/","name":"N\u00facleo de Investiga\u00e7\u00e3o em Pol\u00ed\u200bticas Econ\u00f3micas e Empresariais","description":"Escola de Economia e Gest\u00e3o da UMinho","publisher":{"@id":"https:\/\/nipe.eeg.uminho.pt\/en\/#organization"},"potentialAction":[{"@type":"SearchAction","target":{"@type":"EntryPoint","urlTemplate":"https:\/\/nipe.eeg.uminho.pt\/en\/?s={search_term_string}"},"query-input":{"@type":"PropertyValueSpecification","valueRequired":true,"valueName":"search_term_string"}}],"inLanguage":"en-US"},{"@type":"Organization","@id":"https:\/\/nipe.eeg.uminho.pt\/en\/#organization","name":"NIPE U.MINHO","url":"https:\/\/nipe.eeg.uminho.pt\/en\/","logo":{"@type":"ImageObject","inLanguage":"en-US","@id":"https:\/\/nipe.eeg.uminho.pt\/en\/#\/schema\/logo\/image\/","url":"https:\/\/nipe.eeg.uminho.pt\/wp-content\/uploads\/2021\/02\/NIPE-logo-principal_hover_retina.jpg","contentUrl":"https:\/\/nipe.eeg.uminho.pt\/wp-content\/uploads\/2021\/02\/NIPE-logo-principal_hover_retina.jpg","width":320,"height":320,"caption":"NIPE U.MINHO"},"image":{"@id":"https:\/\/nipe.eeg.uminho.pt\/en\/#\/schema\/logo\/image\/"}},{"@type":"Person","@id":"https:\/\/nipe.eeg.uminho.pt\/en\/#\/schema\/person\/917368c2b898252e8001ca67288abf52","name":"iolandavieira","image":{"@type":"ImageObject","inLanguage":"en-US","@id":"https:\/\/nipe.eeg.uminho.pt\/en\/#\/schema\/person\/image\/","url":"https:\/\/secure.gravatar.com\/avatar\/60121b1dfa45dbd6689af2b8027e58735d6b4c93ef1d1e77d7800780be6517bb?s=96&d=mm&r=g","contentUrl":"https:\/\/secure.gravatar.com\/avatar\/60121b1dfa45dbd6689af2b8027e58735d6b4c93ef1d1e77d7800780be6517bb?s=96&d=mm&r=g","caption":"iolandavieira"}}]}},"_links":{"self":[{"href":"https:\/\/nipe.eeg.uminho.pt\/en\/wp-json\/wp\/v2\/posts\/23027","targetHints":{"allow":["GET"]}}],"collection":[{"href":"https:\/\/nipe.eeg.uminho.pt\/en\/wp-json\/wp\/v2\/posts"}],"about":[{"href":"https:\/\/nipe.eeg.uminho.pt\/en\/wp-json\/wp\/v2\/types\/post"}],"author":[{"embeddable":true,"href":"https:\/\/nipe.eeg.uminho.pt\/en\/wp-json\/wp\/v2\/users\/18"}],"replies":[{"embeddable":true,"href":"https:\/\/nipe.eeg.uminho.pt\/en\/wp-json\/wp\/v2\/comments?post=23027"}],"version-history":[{"count":1,"href":"https:\/\/nipe.eeg.uminho.pt\/en\/wp-json\/wp\/v2\/posts\/23027\/revisions"}],"predecessor-version":[{"id":23030,"href":"https:\/\/nipe.eeg.uminho.pt\/en\/wp-json\/wp\/v2\/posts\/23027\/revisions\/23030"}],"wp:featuredmedia":[{"embeddable":true,"href":"https:\/\/nipe.eeg.uminho.pt\/en\/wp-json\/wp\/v2\/media\/23028"}],"wp:attachment":[{"href":"https:\/\/nipe.eeg.uminho.pt\/en\/wp-json\/wp\/v2\/media?parent=23027"}],"wp:term":[{"taxonomy":"category","embeddable":true,"href":"https:\/\/nipe.eeg.uminho.pt\/en\/wp-json\/wp\/v2\/categories?post=23027"},{"taxonomy":"post_tag","embeddable":true,"href":"https:\/\/nipe.eeg.uminho.pt\/en\/wp-json\/wp\/v2\/tags?post=23027"}],"curies":[{"name":"wp","href":"https:\/\/api.w.org\/{rel}","templated":true}]}}