{"id":16680,"date":"2021-10-21T14:32:14","date_gmt":"2021-10-21T13:32:14","guid":{"rendered":"https:\/\/nipe.eeg.uminho.pt\/?p=16680"},"modified":"2022-10-20T14:22:21","modified_gmt":"2022-10-20T13:22:21","slug":"tvi24-dilema-o-luis-aguiar-conraria-convidado-a-debater-os-temas-que-marcam-a-atualidade-politica-e-economica","status":"publish","type":"post","link":"https:\/\/nipe.eeg.uminho.pt\/en\/tvi24-dilema-o-luis-aguiar-conraria-convidado-a-debater-os-temas-que-marcam-a-atualidade-politica-e-economica\/","title":{"rendered":"TVI24 | Dilema (O) | Lu\u00eds Aguiar-Conraria convidado a debater os temas que marcam a atualidade pol\u00edtica e econ\u00f3mica"},"content":{"rendered":"<p>&#8220;O Dilema&#8221;<\/p>\n<div class=\"Normal ms-rteThemeFontFace-12\">\n<p><span id=\"ctl00_ctl42_g_d6883baa_30ae_4344_9430_94b843b1e432_ctl00_lblLead\">No Dilema desta noite vamos debater os temas que marcam a atualidade pol\u00edtica e econ\u00f3mica. Desde logo o pacote de medidas hoje apresentado em Conselho de Ministros e que est\u00e1 a ser entendido como uma ced\u00eancia \u00e0 esquerda como moeda de troca para o Or\u00e7amento do Estado. Olhamos tamb\u00e9m para a forma como t\u00eam evolu\u00eddo as negocia\u00e7\u00f5es entre o Governo e os partidos \u00e0 esquerda e apreciamos ainda neste Dilema tamb\u00e9m o aumento do pre\u00e7o dos combust\u00edveis e o impacto que isso est\u00e1 a ter na sociedade portuguesa. Lu\u00eds Aguiar-Conraria sugere entregar-se cheques de 100 euros a pessoas \u201ccom rendimentos abaixo de um determinado n\u00edvel\u201d de forma a combater o aumento do pre\u00e7o dos combust\u00edveis.<\/span><\/p>\n<p>Convidados: Lu\u00eds Aguiar Conraria, professor de economia da Universidade do Minho; Joana Amaral Dias, comentadora; Miguel Guedes, comentador.<\/p>\n<p>Programa pode ser visualizado <a href=\"http:\/\/pt.cision.com\/cp2013\/ClippingDetails.aspx?id=8ad6aa6d-179e-42b1-a727-5e6534bd1336&amp;userId=58400efe-2987-48f8-95d2-afd697a3da07\">AQUI<\/a>.<\/p>\n<\/div>\n","protected":false},"excerpt":{"rendered":"<p>&#8220;O Dilema&#8221; No Dilema desta noite vamos debater os temas que marcam a atualidade pol\u00edtica&#8230;<\/p>\n","protected":false},"author":5,"featured_media":22078,"comment_status":"closed","ping_status":"closed","sticky":false,"template":"","format":"standard","meta":{"_acf_changed":false,"footnotes":""},"categories":[229],"tags":[],"class_list":["post-16680","post","type-post","status-publish","format-standard","has-post-thumbnail","hentry","category-nipe-on-the-media"],"acf":[],"yoast_head":"<!-- This site is optimized with the Yoast SEO plugin v25.8 - https:\/\/yoast.com\/wordpress\/plugins\/seo\/ -->\n<title>TVI24 | Dilema (O) | Lu\u00eds Aguiar-Conraria convidado a debater os temas que marcam a atualidade pol\u00edtica e econ\u00f3mica - N\u00facleo de Investiga\u00e7\u00e3o em Pol\u00ed\u200bticas Econ\u00f3micas e Empresariais<\/title>\n<meta name=\"robots\" content=\"index, follow, max-snippet:-1, max-image-preview:large, max-video-preview:-1\" \/>\n<link rel=\"canonical\" href=\"https:\/\/nipe.eeg.uminho.pt\/en\/tvi24-dilema-o-luis-aguiar-conraria-convidado-a-debater-os-temas-que-marcam-a-atualidade-politica-e-economica\/\" \/>\n<meta property=\"og:locale\" content=\"en_US\" \/>\n<meta property=\"og:type\" content=\"article\" \/>\n<meta property=\"og:title\" content=\"TVI24 | Dilema (O) | Lu\u00eds Aguiar-Conraria convidado a debater os temas que marcam a atualidade pol\u00edtica e econ\u00f3mica - N\u00facleo de Investiga\u00e7\u00e3o em Pol\u00ed\u200bticas Econ\u00f3micas e Empresariais\" \/>\n<meta property=\"og:description\" content=\"&#8220;O Dilema&#8221; No Dilema desta noite vamos debater os temas que marcam a atualidade pol\u00edtica...\" \/>\n<meta property=\"og:url\" content=\"https:\/\/nipe.eeg.uminho.pt\/en\/tvi24-dilema-o-luis-aguiar-conraria-convidado-a-debater-os-temas-que-marcam-a-atualidade-politica-e-economica\/\" \/>\n<meta property=\"og:site_name\" content=\"N\u00facleo de Investiga\u00e7\u00e3o em Pol\u00ed\u200bticas Econ\u00f3micas e Empresariais\" \/>\n<meta property=\"article:published_time\" content=\"2021-10-21T13:32:14+00:00\" \/>\n<meta property=\"article:modified_time\" content=\"2022-10-20T13:22:21+00:00\" \/>\n<meta property=\"og:image\" content=\"https:\/\/nipe.eeg.uminho.pt\/wp-content\/uploads\/2021\/10\/Copia-de-Copia-de-NEWS-9-e1666272113306.png\" \/>\n\t<meta property=\"og:image:width\" content=\"1600\" \/>\n\t<meta property=\"og:image:height\" content=\"900\" \/>\n\t<meta property=\"og:image:type\" content=\"image\/png\" \/>\n<meta name=\"author\" content=\"nipe\" \/>\n<meta name=\"twitter:card\" content=\"summary_large_image\" \/>\n<meta name=\"twitter:label1\" content=\"Written by\" \/>\n\t<meta name=\"twitter:data1\" content=\"nipe\" \/>\n\t<meta name=\"twitter:label2\" content=\"Est. reading time\" \/>\n\t<meta name=\"twitter:data2\" content=\"1 minute\" \/>\n<script type=\"application\/ld+json\" class=\"yoast-schema-graph\">{\"@context\":\"https:\/\/schema.org\",\"@graph\":[{\"@type\":\"Article\",\"@id\":\"https:\/\/nipe.eeg.uminho.pt\/en\/tvi24-dilema-o-luis-aguiar-conraria-convidado-a-debater-os-temas-que-marcam-a-atualidade-politica-e-economica\/#article\",\"isPartOf\":{\"@id\":\"https:\/\/nipe.eeg.uminho.pt\/en\/tvi24-dilema-o-luis-aguiar-conraria-convidado-a-debater-os-temas-que-marcam-a-atualidade-politica-e-economica\/\"},\"author\":{\"name\":\"nipe\",\"@id\":\"https:\/\/nipe.eeg.uminho.pt\/en\/#\/schema\/person\/a05a1a66b6cfc5aa5260870d97143ede\"},\"headline\":\"TVI24 | Dilema (O) | Lu\u00eds Aguiar-Conraria convidado a debater os temas que marcam a atualidade pol\u00edtica e econ\u00f3mica\",\"datePublished\":\"2021-10-21T13:32:14+00:00\",\"dateModified\":\"2022-10-20T13:22:21+00:00\",\"mainEntityOfPage\":{\"@id\":\"https:\/\/nipe.eeg.uminho.pt\/en\/tvi24-dilema-o-luis-aguiar-conraria-convidado-a-debater-os-temas-que-marcam-a-atualidade-politica-e-economica\/\"},\"wordCount\":173,\"publisher\":{\"@id\":\"https:\/\/nipe.eeg.uminho.pt\/en\/#organization\"},\"image\":{\"@id\":\"https:\/\/nipe.eeg.uminho.pt\/en\/tvi24-dilema-o-luis-aguiar-conraria-convidado-a-debater-os-temas-que-marcam-a-atualidade-politica-e-economica\/#primaryimage\"},\"thumbnailUrl\":\"https:\/\/nipe.eeg.uminho.pt\/wp-content\/uploads\/2021\/10\/Copia-de-Copia-de-NEWS-9-e1666272113306.png\",\"articleSection\":[\"Nipe on the Media\"],\"inLanguage\":\"en-US\"},{\"@type\":\"WebPage\",\"@id\":\"https:\/\/nipe.eeg.uminho.pt\/en\/tvi24-dilema-o-luis-aguiar-conraria-convidado-a-debater-os-temas-que-marcam-a-atualidade-politica-e-economica\/\",\"url\":\"https:\/\/nipe.eeg.uminho.pt\/en\/tvi24-dilema-o-luis-aguiar-conraria-convidado-a-debater-os-temas-que-marcam-a-atualidade-politica-e-economica\/\",\"name\":\"TVI24 | Dilema (O) | Lu\u00eds Aguiar-Conraria convidado a debater os temas que marcam a atualidade pol\u00edtica e econ\u00f3mica - N\u00facleo de Investiga\u00e7\u00e3o em Pol\u00ed\u200bticas Econ\u00f3micas e Empresariais\",\"isPartOf\":{\"@id\":\"https:\/\/nipe.eeg.uminho.pt\/en\/#website\"},\"primaryImageOfPage\":{\"@id\":\"https:\/\/nipe.eeg.uminho.pt\/en\/tvi24-dilema-o-luis-aguiar-conraria-convidado-a-debater-os-temas-que-marcam-a-atualidade-politica-e-economica\/#primaryimage\"},\"image\":{\"@id\":\"https:\/\/nipe.eeg.uminho.pt\/en\/tvi24-dilema-o-luis-aguiar-conraria-convidado-a-debater-os-temas-que-marcam-a-atualidade-politica-e-economica\/#primaryimage\"},\"thumbnailUrl\":\"https:\/\/nipe.eeg.uminho.pt\/wp-content\/uploads\/2021\/10\/Copia-de-Copia-de-NEWS-9-e1666272113306.png\",\"datePublished\":\"2021-10-21T13:32:14+00:00\",\"dateModified\":\"2022-10-20T13:22:21+00:00\",\"breadcrumb\":{\"@id\":\"https:\/\/nipe.eeg.uminho.pt\/en\/tvi24-dilema-o-luis-aguiar-conraria-convidado-a-debater-os-temas-que-marcam-a-atualidade-politica-e-economica\/#breadcrumb\"},\"inLanguage\":\"en-US\",\"potentialAction\":[{\"@type\":\"ReadAction\",\"target\":[\"https:\/\/nipe.eeg.uminho.pt\/en\/tvi24-dilema-o-luis-aguiar-conraria-convidado-a-debater-os-temas-que-marcam-a-atualidade-politica-e-economica\/\"]}]},{\"@type\":\"ImageObject\",\"inLanguage\":\"en-US\",\"@id\":\"https:\/\/nipe.eeg.uminho.pt\/en\/tvi24-dilema-o-luis-aguiar-conraria-convidado-a-debater-os-temas-que-marcam-a-atualidade-politica-e-economica\/#primaryimage\",\"url\":\"https:\/\/nipe.eeg.uminho.pt\/wp-content\/uploads\/2021\/10\/Copia-de-Copia-de-NEWS-9-e1666272113306.png\",\"contentUrl\":\"https:\/\/nipe.eeg.uminho.pt\/wp-content\/uploads\/2021\/10\/Copia-de-Copia-de-NEWS-9-e1666272113306.png\",\"width\":1600,\"height\":900},{\"@type\":\"BreadcrumbList\",\"@id\":\"https:\/\/nipe.eeg.uminho.pt\/en\/tvi24-dilema-o-luis-aguiar-conraria-convidado-a-debater-os-temas-que-marcam-a-atualidade-politica-e-economica\/#breadcrumb\",\"itemListElement\":[{\"@type\":\"ListItem\",\"position\":1,\"name\":\"In\u00edcio\",\"item\":\"https:\/\/nipe.eeg.uminho.pt\/en\/\"},{\"@type\":\"ListItem\",\"position\":2,\"name\":\"TVI24 | Dilema (O) | Lu\u00eds Aguiar-Conraria convidado a debater os temas que marcam a atualidade pol\u00edtica e econ\u00f3mica\"}]},{\"@type\":\"WebSite\",\"@id\":\"https:\/\/nipe.eeg.uminho.pt\/en\/#website\",\"url\":\"https:\/\/nipe.eeg.uminho.pt\/en\/\",\"name\":\"N\u00facleo de Investiga\u00e7\u00e3o em Pol\u00ed\u200bticas Econ\u00f3micas e Empresariais\",\"description\":\"Escola de Economia e Gest\u00e3o da UMinho\",\"publisher\":{\"@id\":\"https:\/\/nipe.eeg.uminho.pt\/en\/#organization\"},\"potentialAction\":[{\"@type\":\"SearchAction\",\"target\":{\"@type\":\"EntryPoint\",\"urlTemplate\":\"https:\/\/nipe.eeg.uminho.pt\/en\/?s={search_term_string}\"},\"query-input\":{\"@type\":\"PropertyValueSpecification\",\"valueRequired\":true,\"valueName\":\"search_term_string\"}}],\"inLanguage\":\"en-US\"},{\"@type\":\"Organization\",\"@id\":\"https:\/\/nipe.eeg.uminho.pt\/en\/#organization\",\"name\":\"NIPE U.MINHO\",\"url\":\"https:\/\/nipe.eeg.uminho.pt\/en\/\",\"logo\":{\"@type\":\"ImageObject\",\"inLanguage\":\"en-US\",\"@id\":\"https:\/\/nipe.eeg.uminho.pt\/en\/#\/schema\/logo\/image\/\",\"url\":\"https:\/\/nipe.eeg.uminho.pt\/wp-content\/uploads\/2021\/02\/NIPE-logo-principal_hover_retina.jpg\",\"contentUrl\":\"https:\/\/nipe.eeg.uminho.pt\/wp-content\/uploads\/2021\/02\/NIPE-logo-principal_hover_retina.jpg\",\"width\":320,\"height\":320,\"caption\":\"NIPE U.MINHO\"},\"image\":{\"@id\":\"https:\/\/nipe.eeg.uminho.pt\/en\/#\/schema\/logo\/image\/\"}},{\"@type\":\"Person\",\"@id\":\"https:\/\/nipe.eeg.uminho.pt\/en\/#\/schema\/person\/a05a1a66b6cfc5aa5260870d97143ede\",\"name\":\"nipe\",\"image\":{\"@type\":\"ImageObject\",\"inLanguage\":\"en-US\",\"@id\":\"https:\/\/nipe.eeg.uminho.pt\/en\/#\/schema\/person\/image\/\",\"url\":\"https:\/\/secure.gravatar.com\/avatar\/090d3c2c14e500f770c44da8b9ce38a77221c8cafbdeda4bbade5531947e47f1?s=96&d=mm&r=g\",\"contentUrl\":\"https:\/\/secure.gravatar.com\/avatar\/090d3c2c14e500f770c44da8b9ce38a77221c8cafbdeda4bbade5531947e47f1?s=96&d=mm&r=g\",\"caption\":\"nipe\"}}]}<\/script>\n<!-- \/ Yoast SEO plugin. -->","yoast_head_json":{"title":"TVI24 | Dilema (O) | Lu\u00eds Aguiar-Conraria convidado a debater os temas que marcam a atualidade pol\u00edtica e econ\u00f3mica - N\u00facleo de Investiga\u00e7\u00e3o em Pol\u00ed\u200bticas Econ\u00f3micas e Empresariais","robots":{"index":"index","follow":"follow","max-snippet":"max-snippet:-1","max-image-preview":"max-image-preview:large","max-video-preview":"max-video-preview:-1"},"canonical":"https:\/\/nipe.eeg.uminho.pt\/en\/tvi24-dilema-o-luis-aguiar-conraria-convidado-a-debater-os-temas-que-marcam-a-atualidade-politica-e-economica\/","og_locale":"en_US","og_type":"article","og_title":"TVI24 | Dilema (O) | Lu\u00eds Aguiar-Conraria convidado a debater os temas que marcam a atualidade pol\u00edtica e econ\u00f3mica - N\u00facleo de Investiga\u00e7\u00e3o em Pol\u00ed\u200bticas Econ\u00f3micas e Empresariais","og_description":"&#8220;O Dilema&#8221; No Dilema desta noite vamos debater os temas que marcam a atualidade pol\u00edtica...","og_url":"https:\/\/nipe.eeg.uminho.pt\/en\/tvi24-dilema-o-luis-aguiar-conraria-convidado-a-debater-os-temas-que-marcam-a-atualidade-politica-e-economica\/","og_site_name":"N\u00facleo de Investiga\u00e7\u00e3o em Pol\u00ed\u200bticas Econ\u00f3micas e Empresariais","article_published_time":"2021-10-21T13:32:14+00:00","article_modified_time":"2022-10-20T13:22:21+00:00","og_image":[{"width":1600,"height":900,"url":"https:\/\/nipe.eeg.uminho.pt\/wp-content\/uploads\/2021\/10\/Copia-de-Copia-de-NEWS-9-e1666272113306.png","type":"image\/png"}],"author":"nipe","twitter_card":"summary_large_image","twitter_misc":{"Written by":"nipe","Est. reading time":"1 minute"},"schema":{"@context":"https:\/\/schema.org","@graph":[{"@type":"Article","@id":"https:\/\/nipe.eeg.uminho.pt\/en\/tvi24-dilema-o-luis-aguiar-conraria-convidado-a-debater-os-temas-que-marcam-a-atualidade-politica-e-economica\/#article","isPartOf":{"@id":"https:\/\/nipe.eeg.uminho.pt\/en\/tvi24-dilema-o-luis-aguiar-conraria-convidado-a-debater-os-temas-que-marcam-a-atualidade-politica-e-economica\/"},"author":{"name":"nipe","@id":"https:\/\/nipe.eeg.uminho.pt\/en\/#\/schema\/person\/a05a1a66b6cfc5aa5260870d97143ede"},"headline":"TVI24 | Dilema (O) | Lu\u00eds Aguiar-Conraria convidado a debater os temas que marcam a atualidade pol\u00edtica e econ\u00f3mica","datePublished":"2021-10-21T13:32:14+00:00","dateModified":"2022-10-20T13:22:21+00:00","mainEntityOfPage":{"@id":"https:\/\/nipe.eeg.uminho.pt\/en\/tvi24-dilema-o-luis-aguiar-conraria-convidado-a-debater-os-temas-que-marcam-a-atualidade-politica-e-economica\/"},"wordCount":173,"publisher":{"@id":"https:\/\/nipe.eeg.uminho.pt\/en\/#organization"},"image":{"@id":"https:\/\/nipe.eeg.uminho.pt\/en\/tvi24-dilema-o-luis-aguiar-conraria-convidado-a-debater-os-temas-que-marcam-a-atualidade-politica-e-economica\/#primaryimage"},"thumbnailUrl":"https:\/\/nipe.eeg.uminho.pt\/wp-content\/uploads\/2021\/10\/Copia-de-Copia-de-NEWS-9-e1666272113306.png","articleSection":["Nipe on the Media"],"inLanguage":"en-US"},{"@type":"WebPage","@id":"https:\/\/nipe.eeg.uminho.pt\/en\/tvi24-dilema-o-luis-aguiar-conraria-convidado-a-debater-os-temas-que-marcam-a-atualidade-politica-e-economica\/","url":"https:\/\/nipe.eeg.uminho.pt\/en\/tvi24-dilema-o-luis-aguiar-conraria-convidado-a-debater-os-temas-que-marcam-a-atualidade-politica-e-economica\/","name":"TVI24 | Dilema (O) | Lu\u00eds Aguiar-Conraria convidado a debater os temas que marcam a atualidade pol\u00edtica e econ\u00f3mica - N\u00facleo de Investiga\u00e7\u00e3o em Pol\u00ed\u200bticas Econ\u00f3micas e Empresariais","isPartOf":{"@id":"https:\/\/nipe.eeg.uminho.pt\/en\/#website"},"primaryImageOfPage":{"@id":"https:\/\/nipe.eeg.uminho.pt\/en\/tvi24-dilema-o-luis-aguiar-conraria-convidado-a-debater-os-temas-que-marcam-a-atualidade-politica-e-economica\/#primaryimage"},"image":{"@id":"https:\/\/nipe.eeg.uminho.pt\/en\/tvi24-dilema-o-luis-aguiar-conraria-convidado-a-debater-os-temas-que-marcam-a-atualidade-politica-e-economica\/#primaryimage"},"thumbnailUrl":"https:\/\/nipe.eeg.uminho.pt\/wp-content\/uploads\/2021\/10\/Copia-de-Copia-de-NEWS-9-e1666272113306.png","datePublished":"2021-10-21T13:32:14+00:00","dateModified":"2022-10-20T13:22:21+00:00","breadcrumb":{"@id":"https:\/\/nipe.eeg.uminho.pt\/en\/tvi24-dilema-o-luis-aguiar-conraria-convidado-a-debater-os-temas-que-marcam-a-atualidade-politica-e-economica\/#breadcrumb"},"inLanguage":"en-US","potentialAction":[{"@type":"ReadAction","target":["https:\/\/nipe.eeg.uminho.pt\/en\/tvi24-dilema-o-luis-aguiar-conraria-convidado-a-debater-os-temas-que-marcam-a-atualidade-politica-e-economica\/"]}]},{"@type":"ImageObject","inLanguage":"en-US","@id":"https:\/\/nipe.eeg.uminho.pt\/en\/tvi24-dilema-o-luis-aguiar-conraria-convidado-a-debater-os-temas-que-marcam-a-atualidade-politica-e-economica\/#primaryimage","url":"https:\/\/nipe.eeg.uminho.pt\/wp-content\/uploads\/2021\/10\/Copia-de-Copia-de-NEWS-9-e1666272113306.png","contentUrl":"https:\/\/nipe.eeg.uminho.pt\/wp-content\/uploads\/2021\/10\/Copia-de-Copia-de-NEWS-9-e1666272113306.png","width":1600,"height":900},{"@type":"BreadcrumbList","@id":"https:\/\/nipe.eeg.uminho.pt\/en\/tvi24-dilema-o-luis-aguiar-conraria-convidado-a-debater-os-temas-que-marcam-a-atualidade-politica-e-economica\/#breadcrumb","itemListElement":[{"@type":"ListItem","position":1,"name":"In\u00edcio","item":"https:\/\/nipe.eeg.uminho.pt\/en\/"},{"@type":"ListItem","position":2,"name":"TVI24 | Dilema (O) | Lu\u00eds Aguiar-Conraria convidado a debater os temas que marcam a atualidade pol\u00edtica e econ\u00f3mica"}]},{"@type":"WebSite","@id":"https:\/\/nipe.eeg.uminho.pt\/en\/#website","url":"https:\/\/nipe.eeg.uminho.pt\/en\/","name":"N\u00facleo de Investiga\u00e7\u00e3o em Pol\u00ed\u200bticas Econ\u00f3micas e Empresariais","description":"Escola de Economia e Gest\u00e3o da UMinho","publisher":{"@id":"https:\/\/nipe.eeg.uminho.pt\/en\/#organization"},"potentialAction":[{"@type":"SearchAction","target":{"@type":"EntryPoint","urlTemplate":"https:\/\/nipe.eeg.uminho.pt\/en\/?s={search_term_string}"},"query-input":{"@type":"PropertyValueSpecification","valueRequired":true,"valueName":"search_term_string"}}],"inLanguage":"en-US"},{"@type":"Organization","@id":"https:\/\/nipe.eeg.uminho.pt\/en\/#organization","name":"NIPE U.MINHO","url":"https:\/\/nipe.eeg.uminho.pt\/en\/","logo":{"@type":"ImageObject","inLanguage":"en-US","@id":"https:\/\/nipe.eeg.uminho.pt\/en\/#\/schema\/logo\/image\/","url":"https:\/\/nipe.eeg.uminho.pt\/wp-content\/uploads\/2021\/02\/NIPE-logo-principal_hover_retina.jpg","contentUrl":"https:\/\/nipe.eeg.uminho.pt\/wp-content\/uploads\/2021\/02\/NIPE-logo-principal_hover_retina.jpg","width":320,"height":320,"caption":"NIPE U.MINHO"},"image":{"@id":"https:\/\/nipe.eeg.uminho.pt\/en\/#\/schema\/logo\/image\/"}},{"@type":"Person","@id":"https:\/\/nipe.eeg.uminho.pt\/en\/#\/schema\/person\/a05a1a66b6cfc5aa5260870d97143ede","name":"nipe","image":{"@type":"ImageObject","inLanguage":"en-US","@id":"https:\/\/nipe.eeg.uminho.pt\/en\/#\/schema\/person\/image\/","url":"https:\/\/secure.gravatar.com\/avatar\/090d3c2c14e500f770c44da8b9ce38a77221c8cafbdeda4bbade5531947e47f1?s=96&d=mm&r=g","contentUrl":"https:\/\/secure.gravatar.com\/avatar\/090d3c2c14e500f770c44da8b9ce38a77221c8cafbdeda4bbade5531947e47f1?s=96&d=mm&r=g","caption":"nipe"}}]}},"_links":{"self":[{"href":"https:\/\/nipe.eeg.uminho.pt\/en\/wp-json\/wp\/v2\/posts\/16680","targetHints":{"allow":["GET"]}}],"collection":[{"href":"https:\/\/nipe.eeg.uminho.pt\/en\/wp-json\/wp\/v2\/posts"}],"about":[{"href":"https:\/\/nipe.eeg.uminho.pt\/en\/wp-json\/wp\/v2\/types\/post"}],"author":[{"embeddable":true,"href":"https:\/\/nipe.eeg.uminho.pt\/en\/wp-json\/wp\/v2\/users\/5"}],"replies":[{"embeddable":true,"href":"https:\/\/nipe.eeg.uminho.pt\/en\/wp-json\/wp\/v2\/comments?post=16680"}],"version-history":[{"count":3,"href":"https:\/\/nipe.eeg.uminho.pt\/en\/wp-json\/wp\/v2\/posts\/16680\/revisions"}],"predecessor-version":[{"id":22079,"href":"https:\/\/nipe.eeg.uminho.pt\/en\/wp-json\/wp\/v2\/posts\/16680\/revisions\/22079"}],"wp:featuredmedia":[{"embeddable":true,"href":"https:\/\/nipe.eeg.uminho.pt\/en\/wp-json\/wp\/v2\/media\/22078"}],"wp:attachment":[{"href":"https:\/\/nipe.eeg.uminho.pt\/en\/wp-json\/wp\/v2\/media?parent=16680"}],"wp:term":[{"taxonomy":"category","embeddable":true,"href":"https:\/\/nipe.eeg.uminho.pt\/en\/wp-json\/wp\/v2\/categories?post=16680"},{"taxonomy":"post_tag","embeddable":true,"href":"https:\/\/nipe.eeg.uminho.pt\/en\/wp-json\/wp\/v2\/tags?post=16680"}],"curies":[{"name":"wp","href":"https:\/\/api.w.org\/{rel}","templated":true}]}}